{"id":2352,"date":"2019-05-12T11:38:04","date_gmt":"2019-05-12T09:38:04","guid":{"rendered":"http:\/\/kulturglimtar.se\/?p=2352"},"modified":"2020-01-16T13:39:15","modified_gmt":"2020-01-16T12:39:15","slug":"nu-ar-den-har-arets-kulturglimtarbroschyr","status":"publish","type":"post","link":"https:\/\/kulturglimtar.se\/?p=2352","title":{"rendered":"Nu \u00e4r den h\u00e4r; \u00e5rets Kulturglimtarbroschyr"},"content":{"rendered":"\n<p><a href=\"http:\/\/media.kulturglimtar.se\/2019\/05\/Kulturglimtar2019_webbroschyr-2.pdf\">Klicka p\u00e5 denna l\u00e4nk f\u00f6r att se \u00e5rets broschyr<\/a><\/p>\n\n\n\n<p>\u00c4ndringar i \u00e5rets program:<\/p>\n\n\n\n<ul class=\"wp-block-list\"><li>Nr 8 St\u00e4llbergs Gruva <a rel=\"noreferrer noopener\" aria-label=\"\u00f6rdag 19.00 konsert Slowgold - Amanda Werne solo (\u00f6ppnas i en ny flik)\" href=\"https:\/\/www.facebook.com\/events\/401386350713371\/\" target=\"_blank\">l\u00f6rdag 19.00 konsert Slowgold &#8211; Amanda Werne solo<\/a><\/li><li>Nr 9 K\u00e4llmans, \u00d6stra Kumlan 514, <a rel=\"noreferrer noopener\" aria-label=\"h\u00e4r finns \u00e4ven Eva Schenning med smycken (\u00f6ppnas i en ny flik)\" href=\"http:\/\/parlemor.net\/\" target=\"_blank\">h\u00e4r finns \u00e4ven Eva Schenning med smycken<\/a>. <\/li><li>Nr 10 Stora Kumlans Folkets Hus, Stora Kumlan 301; <a rel=\"noreferrer noopener\" aria-label=\"h\u00e4r finns \u00e4ven Catrine Wismar med tr\u00e5dkonst och smycken.  (\u00f6ppnas i en ny flik)\" href=\"http:\/\/www.instagram.com\/catwis\/\" target=\"_blank\">h\u00e4r finns \u00e4ven Catrine Wismar med tr\u00e5dkonst och smycken. <\/a><\/li><li>Nr 12 St\u00e4lldalens Handtryckeri med handtryck p\u00e5 bomull och linne kommer att finnas ihop med nr 13 Dunderbo, H\u00f6gbov\u00e4gen 2B, St\u00e4lldalen.<\/li><li>Nr 15 V\u00e4stra L\u00f6vfallet ej trasmattor eller stickat.<\/li><li>Nr 25 Maria Gotthard Frimodig p\u00e5 caf\u00e9et p\u00e5 Perssons Magasin med akvareller och m\u00e5lningar.<\/li><li>Nr 37 Abrahamsg\u00e5rd Spelm\u00e4n kl 14.30 l\u00f6rdag och s\u00f6ndag.<\/li><\/ul>\n","protected":false},"excerpt":{"rendered":"<p>Klicka p\u00e5 denna l\u00e4nk f\u00f6r att se \u00e5rets broschyr \u00c4ndringar i \u00e5rets program: Nr 8 St\u00e4llbergs Gruva l\u00f6rdag 19.00 konsert Slowgold &#8211; Amanda Werne solo Nr 9 K\u00e4llmans, \u00d6stra Kumlan 514, h\u00e4r finns \u00e4ven Eva Schenning med smycken. Nr 10 Stora Kumlans Folkets Hus, Stora Kumlan 301; h\u00e4r finns \u00e4ven Catrine Wismar med tr\u00e5dkonst och [&hellip;]<\/p>\n","protected":false},"author":2,"featured_media":2351,"comment_status":"open","ping_status":"open","sticky":false,"template":"","format":"standard","meta":{"footnotes":""},"categories":[266],"tags":[],"class_list":{"0":"post-2352","1":"post","2":"type-post","3":"status-publish","4":"format-standard","5":"has-post-thumbnail","7":"category-kulturglimtar-2019","8":"czr-hentry"},"_links":{"self":[{"href":"https:\/\/kulturglimtar.se\/index.php?rest_route=\/wp\/v2\/posts\/2352","targetHints":{"allow":["GET"]}}],"collection":[{"href":"https:\/\/kulturglimtar.se\/index.php?rest_route=\/wp\/v2\/posts"}],"about":[{"href":"https:\/\/kulturglimtar.se\/index.php?rest_route=\/wp\/v2\/types\/post"}],"author":[{"embeddable":true,"href":"https:\/\/kulturglimtar.se\/index.php?rest_route=\/wp\/v2\/users\/2"}],"replies":[{"embeddable":true,"href":"https:\/\/kulturglimtar.se\/index.php?rest_route=%2Fwp%2Fv2%2Fcomments&post=2352"}],"version-history":[{"count":6,"href":"https:\/\/kulturglimtar.se\/index.php?rest_route=\/wp\/v2\/posts\/2352\/revisions"}],"predecessor-version":[{"id":2387,"href":"https:\/\/kulturglimtar.se\/index.php?rest_route=\/wp\/v2\/posts\/2352\/revisions\/2387"}],"wp:featuredmedia":[{"embeddable":true,"href":"https:\/\/kulturglimtar.se\/index.php?rest_route=\/wp\/v2\/media\/2351"}],"wp:attachment":[{"href":"https:\/\/kulturglimtar.se\/index.php?rest_route=%2Fwp%2Fv2%2Fmedia&parent=2352"}],"wp:term":[{"taxonomy":"category","embeddable":true,"href":"https:\/\/kulturglimtar.se\/index.php?rest_route=%2Fwp%2Fv2%2Fcategories&post=2352"},{"taxonomy":"post_tag","embeddable":true,"href":"https:\/\/kulturglimtar.se\/index.php?rest_route=%2Fwp%2Fv2%2Ftags&post=2352"}],"curies":[{"name":"wp","href":"https:\/\/api.w.org\/{rel}","templated":true}]}}