{"id":2374,"date":"2019-06-25T10:31:36","date_gmt":"2019-06-25T08:31:36","guid":{"rendered":"http:\/\/kulturglimtar.se\/?p=2374"},"modified":"2020-01-16T13:39:44","modified_gmt":"2020-01-16T12:39:44","slug":"platsandring-for-stalldalens-handtryckeri","status":"publish","type":"post","link":"https:\/\/kulturglimtar.se\/?p=2374","title":{"rendered":"Plats\u00e4ndring f\u00f6r St\u00e4lldalens Handtryckeri"},"content":{"rendered":"\n<p>Nr 12 St\u00e4lldalens Handtryckeri med handtryck p\u00e5 bomull och linne kommer att flyttas till H\u00f6gbov\u00e4gen 2B; nr 13 Dunderbo nu i helgen. <\/p>\n","protected":false},"excerpt":{"rendered":"<p>Nr 12 St\u00e4lldalens Handtryckeri med handtryck p\u00e5 bomull och linne kommer att flyttas till H\u00f6gbov\u00e4gen 2B; nr 13 Dunderbo nu i helgen.<\/p>\n","protected":false},"author":2,"featured_media":2040,"comment_status":"open","ping_status":"open","sticky":false,"template":"","format":"standard","meta":{"footnotes":""},"categories":[266],"tags":[],"class_list":{"0":"post-2374","1":"post","2":"type-post","3":"status-publish","4":"format-standard","5":"has-post-thumbnail","7":"category-kulturglimtar-2019","8":"czr-hentry"},"_links":{"self":[{"href":"https:\/\/kulturglimtar.se\/index.php?rest_route=\/wp\/v2\/posts\/2374","targetHints":{"allow":["GET"]}}],"collection":[{"href":"https:\/\/kulturglimtar.se\/index.php?rest_route=\/wp\/v2\/posts"}],"about":[{"href":"https:\/\/kulturglimtar.se\/index.php?rest_route=\/wp\/v2\/types\/post"}],"author":[{"embeddable":true,"href":"https:\/\/kulturglimtar.se\/index.php?rest_route=\/wp\/v2\/users\/2"}],"replies":[{"embeddable":true,"href":"https:\/\/kulturglimtar.se\/index.php?rest_route=%2Fwp%2Fv2%2Fcomments&post=2374"}],"version-history":[{"count":1,"href":"https:\/\/kulturglimtar.se\/index.php?rest_route=\/wp\/v2\/posts\/2374\/revisions"}],"predecessor-version":[{"id":2375,"href":"https:\/\/kulturglimtar.se\/index.php?rest_route=\/wp\/v2\/posts\/2374\/revisions\/2375"}],"wp:featuredmedia":[{"embeddable":true,"href":"https:\/\/kulturglimtar.se\/index.php?rest_route=\/wp\/v2\/media\/2040"}],"wp:attachment":[{"href":"https:\/\/kulturglimtar.se\/index.php?rest_route=%2Fwp%2Fv2%2Fmedia&parent=2374"}],"wp:term":[{"taxonomy":"category","embeddable":true,"href":"https:\/\/kulturglimtar.se\/index.php?rest_route=%2Fwp%2Fv2%2Fcategories&post=2374"},{"taxonomy":"post_tag","embeddable":true,"href":"https:\/\/kulturglimtar.se\/index.php?rest_route=%2Fwp%2Fv2%2Ftags&post=2374"}],"curies":[{"name":"wp","href":"https:\/\/api.w.org\/{rel}","templated":true}]}}