{"id":2380,"date":"2019-06-27T09:50:30","date_gmt":"2019-06-27T07:50:30","guid":{"rendered":"http:\/\/kulturglimtar.se\/?p=2380"},"modified":"2020-01-16T13:39:50","modified_gmt":"2020-01-16T12:39:50","slug":"mer-plus-i-programmet","status":"publish","type":"post","link":"https:\/\/kulturglimtar.se\/?p=2380","title":{"rendered":"Mer plus i programmet"},"content":{"rendered":"\n<p>Nr 10 Stora Kumlans Folkets Hus, Stora Kumlan 301<br \/>I Stora Kumlans Folkets Hus finns Catrine Wismar med sin tr\u00e5dkonst. <br \/>Egenh\u00e4ndigt gjorda smycken i l\u00e4der, metall mm samt tr\u00e5dsl\u00f6jd. <br \/>Du hittar mer av Catrine p\u00e5 instagram:  <a href=\"http:\/\/www.instagram.com\/catwis\/\" target=\"_blank\" rel=\"noreferrer noopener\" aria-label=\"@catwis (\u00f6ppnas i en ny flik)\">@catwis<\/a><\/p>\n\n\n\n<div class=\"wp-block-image\"><figure class=\"alignright\"><img loading=\"lazy\" decoding=\"async\" width=\"234\" height=\"185\" src=\"http:\/\/media.kulturglimtar.se\/2019\/06\/Eva-Schenning.jpeg\" alt=\"\" class=\"wp-image-2382\"\/><figcaption>Smycken i silverlera, Eva Schenning.<\/figcaption><\/figure><\/div>\n\n\n\n<p>Nr 9 K\u00e4llmans, \u00d6stra Kumlan 514<br \/>Vid K\u00e4llmans hittas \u00e4ven Eva Schenning med egenh\u00e4ndigt gjorda smycken i bland annat tenntr\u00e5d, silver, glas och p\u00e4rlor.<br \/>Hemsida: <a href=\"http:\/\/parlemor.net\/index.html\" target=\"_blank\" rel=\"noreferrer noopener\" aria-label=\"P\u00e4rleMor (\u00f6ppnas i en ny flik)\">P\u00e4rleMor<\/a><\/p>\n\n\n\n<p><a href=\"https:\/\/kulturglimtar.se\/?p=2352\">Alla \u00e4ndringar i programmet h\u00e4r.<\/a><\/p>\n","protected":false},"excerpt":{"rendered":"<p>Nr 10 Stora Kumlans Folkets Hus, Stora Kumlan 301I Stora Kumlans Folkets Hus finns Catrine Wismar med sin tr\u00e5dkonst. Egenh\u00e4ndigt gjorda smycken i l\u00e4der, metall mm samt tr\u00e5dsl\u00f6jd. Du hittar mer av Catrine p\u00e5 instagram: @catwis Nr 9 K\u00e4llmans, \u00d6stra Kumlan 514Vid K\u00e4llmans hittas \u00e4ven Eva Schenning med egenh\u00e4ndigt gjorda smycken i bland annat tenntr\u00e5d, [&hellip;]<\/p>\n","protected":false},"author":2,"featured_media":2381,"comment_status":"open","ping_status":"open","sticky":false,"template":"","format":"standard","meta":{"footnotes":""},"categories":[266],"tags":[],"class_list":{"0":"post-2380","1":"post","2":"type-post","3":"status-publish","4":"format-standard","5":"has-post-thumbnail","7":"category-kulturglimtar-2019","8":"czr-hentry"},"_links":{"self":[{"href":"https:\/\/kulturglimtar.se\/index.php?rest_route=\/wp\/v2\/posts\/2380","targetHints":{"allow":["GET"]}}],"collection":[{"href":"https:\/\/kulturglimtar.se\/index.php?rest_route=\/wp\/v2\/posts"}],"about":[{"href":"https:\/\/kulturglimtar.se\/index.php?rest_route=\/wp\/v2\/types\/post"}],"author":[{"embeddable":true,"href":"https:\/\/kulturglimtar.se\/index.php?rest_route=\/wp\/v2\/users\/2"}],"replies":[{"embeddable":true,"href":"https:\/\/kulturglimtar.se\/index.php?rest_route=%2Fwp%2Fv2%2Fcomments&post=2380"}],"version-history":[{"count":2,"href":"https:\/\/kulturglimtar.se\/index.php?rest_route=\/wp\/v2\/posts\/2380\/revisions"}],"predecessor-version":[{"id":2395,"href":"https:\/\/kulturglimtar.se\/index.php?rest_route=\/wp\/v2\/posts\/2380\/revisions\/2395"}],"wp:featuredmedia":[{"embeddable":true,"href":"https:\/\/kulturglimtar.se\/index.php?rest_route=\/wp\/v2\/media\/2381"}],"wp:attachment":[{"href":"https:\/\/kulturglimtar.se\/index.php?rest_route=%2Fwp%2Fv2%2Fmedia&parent=2380"}],"wp:term":[{"taxonomy":"category","embeddable":true,"href":"https:\/\/kulturglimtar.se\/index.php?rest_route=%2Fwp%2Fv2%2Fcategories&post=2380"},{"taxonomy":"post_tag","embeddable":true,"href":"https:\/\/kulturglimtar.se\/index.php?rest_route=%2Fwp%2Fv2%2Ftags&post=2380"}],"curies":[{"name":"wp","href":"https:\/\/api.w.org\/{rel}","templated":true}]}}