{"id":2388,"date":"2019-06-28T11:00:08","date_gmt":"2019-06-28T09:00:08","guid":{"rendered":"http:\/\/kulturglimtar.se\/?p=2388"},"modified":"2020-01-16T13:40:01","modified_gmt":"2020-01-16T12:40:01","slug":"kulturglimtar-pa-p4-orebro-2","status":"publish","type":"post","link":"https:\/\/kulturglimtar.se\/?p=2388","title":{"rendered":"Kulturglimtar p\u00e5 p4 \u00d6rebro"},"content":{"rendered":"\n<p>P4 \u00d6rebros reporter Anna tr\u00e4ffar Ingela och Kerstin idag p\u00e5 morgonen vid Samlingsutst\u00e4llningen i Kopparberg.  <br \/><a href=\"https:\/\/sverigesradio.se\/embed\/episode\/1322942?start=6280\" target=\"_blank\" rel=\"noreferrer noopener\" aria-label=\"Lyssna h\u00e4r p\u00e5 inslaget i ett nytt webbf\u00f6nster. (\u00f6ppnas i en ny flik)\">Lyssna h\u00e4r p\u00e5 inslaget i ett nytt webbf\u00f6nster.<\/a><\/p>\n\n\n\n<figure class=\"wp-block-image\"><img loading=\"lazy\" decoding=\"async\" width=\"602\" height=\"575\" src=\"http:\/\/media.kulturglimtar.se\/2019\/06\/KulturglimtarIngela-copy.jpg\" alt=\"\" class=\"wp-image-2389\" srcset=\"https:\/\/media.kulturglimtar.se\/2019\/06\/KulturglimtarIngela-copy.jpg 602w, https:\/\/media.kulturglimtar.se\/2019\/06\/KulturglimtarIngela-copy-300x287.jpg 300w\" sizes=\"auto, (max-width: 602px) 100vw, 602px\" \/><figcaption>Ingela redo att s\u00e4tta ut v\u00e4gvisare inf\u00f6r Kulturglimtar 29-30 juni 2019.<\/figcaption><\/figure>\n","protected":false},"excerpt":{"rendered":"<p>P4 \u00d6rebros reporter Anna tr\u00e4ffar Ingela och Kerstin idag p\u00e5 morgonen vid Samlingsutst\u00e4llningen i Kopparberg. Lyssna h\u00e4r p\u00e5 inslaget i ett nytt webbf\u00f6nster.<\/p>\n","protected":false},"author":2,"featured_media":2389,"comment_status":"open","ping_status":"open","sticky":false,"template":"","format":"standard","meta":{"footnotes":""},"categories":[266],"tags":[],"class_list":{"0":"post-2388","1":"post","2":"type-post","3":"status-publish","4":"format-standard","5":"has-post-thumbnail","7":"category-kulturglimtar-2019","8":"czr-hentry"},"_links":{"self":[{"href":"https:\/\/kulturglimtar.se\/index.php?rest_route=\/wp\/v2\/posts\/2388","targetHints":{"allow":["GET"]}}],"collection":[{"href":"https:\/\/kulturglimtar.se\/index.php?rest_route=\/wp\/v2\/posts"}],"about":[{"href":"https:\/\/kulturglimtar.se\/index.php?rest_route=\/wp\/v2\/types\/post"}],"author":[{"embeddable":true,"href":"https:\/\/kulturglimtar.se\/index.php?rest_route=\/wp\/v2\/users\/2"}],"replies":[{"embeddable":true,"href":"https:\/\/kulturglimtar.se\/index.php?rest_route=%2Fwp%2Fv2%2Fcomments&post=2388"}],"version-history":[{"count":4,"href":"https:\/\/kulturglimtar.se\/index.php?rest_route=\/wp\/v2\/posts\/2388\/revisions"}],"predecessor-version":[{"id":2394,"href":"https:\/\/kulturglimtar.se\/index.php?rest_route=\/wp\/v2\/posts\/2388\/revisions\/2394"}],"wp:featuredmedia":[{"embeddable":true,"href":"https:\/\/kulturglimtar.se\/index.php?rest_route=\/wp\/v2\/media\/2389"}],"wp:attachment":[{"href":"https:\/\/kulturglimtar.se\/index.php?rest_route=%2Fwp%2Fv2%2Fmedia&parent=2388"}],"wp:term":[{"taxonomy":"category","embeddable":true,"href":"https:\/\/kulturglimtar.se\/index.php?rest_route=%2Fwp%2Fv2%2Fcategories&post=2388"},{"taxonomy":"post_tag","embeddable":true,"href":"https:\/\/kulturglimtar.se\/index.php?rest_route=%2Fwp%2Fv2%2Ftags&post=2388"}],"curies":[{"name":"wp","href":"https:\/\/api.w.org\/{rel}","templated":true}]}}