{"id":2425,"date":"2020-04-24T14:38:49","date_gmt":"2020-04-24T12:38:49","guid":{"rendered":"http:\/\/kulturglimtar.se\/?p=2425"},"modified":"2024-03-15T16:47:04","modified_gmt":"2024-03-15T15:47:04","slug":"kulturglimtarpaus","status":"publish","type":"post","link":"https:\/\/kulturglimtar.se\/?p=2425","title":{"rendered":"Kulturglimtarpaus"},"content":{"rendered":"\n<p>Hej alla KULTURGLIMTARBES\u00d6KARE!<br \/> <br \/> Det \u00e4r med stor v\u00e5nda och mycket tankar fram och tillbaka som vi i <br \/> styrgruppen f\u00f6r KULTURGLIMTAR kommit fram till att pausa \u00e5rets runda.<br \/> <br \/> Covid-19 verkar dra ut p\u00e5 tiden, vi vet inte vilka restriktioner som <br \/> kommer att g\u00e4lla i framtiden. <br \/> <br \/> Vi hoppas att alla har f\u00f6rst\u00e5else f\u00f6r v\u00e5rt beslut. <br \/> <br \/> Varma h\u00e4lsningar och en \u00f6nskan om att vi alla m\u00e5 h\u00e5lla oss friska,<br \/> <br \/> Eva, Ewa, Ingela, Jeanette och Kerstin<\/p>\n","protected":false},"excerpt":{"rendered":"<p>Hej alla KULTURGLIMTARBES\u00d6KARE! Det \u00e4r med stor v\u00e5nda och mycket tankar fram och tillbaka som vi i styrgruppen f\u00f6r KULTURGLIMTAR kommit fram till att pausa \u00e5rets runda. Covid-19 verkar dra ut p\u00e5 tiden, vi vet inte vilka restriktioner som kommer att g\u00e4lla i framtiden. Vi hoppas att alla har f\u00f6rst\u00e5else f\u00f6r v\u00e5rt beslut. Varma h\u00e4lsningar [&hellip;]<\/p>\n","protected":false},"author":2,"featured_media":0,"comment_status":"open","ping_status":"open","sticky":false,"template":"","format":"standard","meta":{"footnotes":""},"categories":[267],"tags":[],"class_list":{"0":"post-2425","1":"post","2":"type-post","3":"status-publish","4":"format-standard","6":"category-kulturglimtar-2020","7":"czr-hentry"},"_links":{"self":[{"href":"https:\/\/kulturglimtar.se\/index.php?rest_route=\/wp\/v2\/posts\/2425","targetHints":{"allow":["GET"]}}],"collection":[{"href":"https:\/\/kulturglimtar.se\/index.php?rest_route=\/wp\/v2\/posts"}],"about":[{"href":"https:\/\/kulturglimtar.se\/index.php?rest_route=\/wp\/v2\/types\/post"}],"author":[{"embeddable":true,"href":"https:\/\/kulturglimtar.se\/index.php?rest_route=\/wp\/v2\/users\/2"}],"replies":[{"embeddable":true,"href":"https:\/\/kulturglimtar.se\/index.php?rest_route=%2Fwp%2Fv2%2Fcomments&post=2425"}],"version-history":[{"count":1,"href":"https:\/\/kulturglimtar.se\/index.php?rest_route=\/wp\/v2\/posts\/2425\/revisions"}],"predecessor-version":[{"id":2427,"href":"https:\/\/kulturglimtar.se\/index.php?rest_route=\/wp\/v2\/posts\/2425\/revisions\/2427"}],"wp:attachment":[{"href":"https:\/\/kulturglimtar.se\/index.php?rest_route=%2Fwp%2Fv2%2Fmedia&parent=2425"}],"wp:term":[{"taxonomy":"category","embeddable":true,"href":"https:\/\/kulturglimtar.se\/index.php?rest_route=%2Fwp%2Fv2%2Fcategories&post=2425"},{"taxonomy":"post_tag","embeddable":true,"href":"https:\/\/kulturglimtar.se\/index.php?rest_route=%2Fwp%2Fv2%2Ftags&post=2425"}],"curies":[{"name":"wp","href":"https:\/\/api.w.org\/{rel}","templated":true}]}}